{"id":1,"name":"Alexander","url":"https:\/\/parquejaimeduque.com","description":"","link":"https:\/\/parquejaimeduque.com\/en\/author\/webmaster\/","slug":"webmaster","avatar_urls":{"24":"https:\/\/secure.gravatar.com\/avatar\/e3ab9a1c07f0b33819782f199295951ea591d164cc943999d182034752f4af2e?s=24&d=mm&r=g","48":"https:\/\/secure.gravatar.com\/avatar\/e3ab9a1c07f0b33819782f199295951ea591d164cc943999d182034752f4af2e?s=48&d=mm&r=g","96":"https:\/\/secure.gravatar.com\/avatar\/e3ab9a1c07f0b33819782f199295951ea591d164cc943999d182034752f4af2e?s=96&d=mm&r=g"},"meta":[],"yoast_head":"<!-- This site is optimized with the Yoast SEO plugin v27.5 - https:\/\/yoast.com\/product\/yoast-seo-wordpress\/ -->\n<title>Alexander, Autor Fundaci\u00f3n Parque Jaime Duque<\/title>\n<meta name=\"robots\" content=\"index, follow, max-snippet:-1, max-image-preview:large, max-video-preview:-1\" \/>\n<link rel=\"canonical\" href=\"https:\/\/parquejaimeduque.com\/en\/author\/webmaster\/\" \/>\n<meta property=\"og:locale\" content=\"en_US\" \/>\n<meta property=\"og:type\" content=\"profile\" \/>\n<meta property=\"og:title\" content=\"Alexander, Autor Fundaci\u00f3n Parque Jaime Duque\" \/>\n<meta property=\"og:url\" content=\"https:\/\/parquejaimeduque.com\/en\/author\/webmaster\/\" \/>\n<meta property=\"og:site_name\" content=\"Fundaci\u00f3n Parque Jaime Duque\" \/>\n<meta property=\"og:image\" content=\"https:\/\/secure.gravatar.com\/avatar\/e3ab9a1c07f0b33819782f199295951ea591d164cc943999d182034752f4af2e?s=500&d=mm&r=g\" \/>\n<meta name=\"twitter:card\" content=\"summary_large_image\" \/>\n<script type=\"application\/ld+json\" class=\"yoast-schema-graph\">{\"@context\":\"https:\\\/\\\/schema.org\",\"@graph\":[{\"@type\":\"ProfilePage\",\"@id\":\"https:\\\/\\\/parquejaimeduque.com\\\/author\\\/webmaster\\\/\",\"url\":\"https:\\\/\\\/parquejaimeduque.com\\\/author\\\/webmaster\\\/\",\"name\":\"Alexander, Autor Fundaci\u00f3n Parque Jaime Duque\",\"isPartOf\":{\"@id\":\"https:\\\/\\\/parquejaimeduque.com\\\/#website\"},\"breadcrumb\":{\"@id\":\"https:\\\/\\\/parquejaimeduque.com\\\/author\\\/webmaster\\\/#breadcrumb\"},\"inLanguage\":\"en-US\",\"potentialAction\":[{\"@type\":\"ReadAction\",\"target\":[\"https:\\\/\\\/parquejaimeduque.com\\\/author\\\/webmaster\\\/\"]}]},{\"@type\":\"BreadcrumbList\",\"@id\":\"https:\\\/\\\/parquejaimeduque.com\\\/author\\\/webmaster\\\/#breadcrumb\",\"itemListElement\":[{\"@type\":\"ListItem\",\"position\":1,\"name\":\"Inicio\",\"item\":\"https:\\\/\\\/parquejaimeduque.com\\\/\"},{\"@type\":\"ListItem\",\"position\":2,\"name\":\"Archivos para Alexander\"}]},{\"@type\":\"WebSite\",\"@id\":\"https:\\\/\\\/parquejaimeduque.com\\\/#website\",\"url\":\"https:\\\/\\\/parquejaimeduque.com\\\/\",\"name\":\"Fundaci\u00f3n Parque Jaime Duque\",\"description\":\"Somos una entidad sin \u00e1nimo de lucro, 100% colombiana que trabaja por la conservaci\u00f3n de la familia y el bienestar social, de la naturaleza y de la cultura, con el \u00fanico objetivo de servir a la comunidad promoviendo el bienestar de las generaciones actuales y futuras.\",\"publisher\":{\"@id\":\"https:\\\/\\\/parquejaimeduque.com\\\/#organization\"},\"potentialAction\":[{\"@type\":\"SearchAction\",\"target\":{\"@type\":\"EntryPoint\",\"urlTemplate\":\"https:\\\/\\\/parquejaimeduque.com\\\/?s={search_term_string}\"},\"query-input\":{\"@type\":\"PropertyValueSpecification\",\"valueRequired\":true,\"valueName\":\"search_term_string\"}}],\"inLanguage\":\"en-US\"},{\"@type\":\"Organization\",\"@id\":\"https:\\\/\\\/parquejaimeduque.com\\\/#organization\",\"name\":\"Fundaci\u00f3n Parque Jaime Duque\",\"url\":\"https:\\\/\\\/parquejaimeduque.com\\\/\",\"logo\":{\"@type\":\"ImageObject\",\"inLanguage\":\"en-US\",\"@id\":\"https:\\\/\\\/parquejaimeduque.com\\\/#\\\/schema\\\/logo\\\/image\\\/\",\"url\":\"https:\\\/\\\/parquejaimeduque.com\\\/wp-content\\\/uploads\\\/2025\\\/02\\\/cropped-Logo-FPJD-512-1.png\",\"contentUrl\":\"https:\\\/\\\/parquejaimeduque.com\\\/wp-content\\\/uploads\\\/2025\\\/02\\\/cropped-Logo-FPJD-512-1.png\",\"width\":512,\"height\":512,\"caption\":\"Fundaci\u00f3n Parque Jaime Duque\"},\"image\":{\"@id\":\"https:\\\/\\\/parquejaimeduque.com\\\/#\\\/schema\\\/logo\\\/image\\\/\"},\"sameAs\":[\"https:\\\/\\\/www.facebook.com\\\/ParqueJaimeDuque\",\"https:\\\/\\\/www.instagram.com\\\/parquejaimeduque\\\/\",\"https:\\\/\\\/www.tiktok.com\\\/@parquejaimeduque?_t=8WWpzcM9XE6&_r=1\",\"https:\\\/\\\/www.youtube.com\\\/user\\\/rtorres48\",\"https:\\\/\\\/co.linkedin.com\\\/company\\\/fundacion-parque-jaime-duque?trk=similar-pages\"]},{\"@type\":\"Person\",\"@id\":\"https:\\\/\\\/parquejaimeduque.com\\\/#\\\/schema\\\/person\\\/fecf63d16fd23a1e31508d150877aba1\",\"name\":\"Alexander\",\"image\":{\"@type\":\"ImageObject\",\"inLanguage\":\"en-US\",\"@id\":\"https:\\\/\\\/secure.gravatar.com\\\/avatar\\\/e3ab9a1c07f0b33819782f199295951ea591d164cc943999d182034752f4af2e?s=96&d=mm&r=g\",\"url\":\"https:\\\/\\\/secure.gravatar.com\\\/avatar\\\/e3ab9a1c07f0b33819782f199295951ea591d164cc943999d182034752f4af2e?s=96&d=mm&r=g\",\"contentUrl\":\"https:\\\/\\\/secure.gravatar.com\\\/avatar\\\/e3ab9a1c07f0b33819782f199295951ea591d164cc943999d182034752f4af2e?s=96&d=mm&r=g\",\"caption\":\"Alexander\"},\"sameAs\":[\"https:\\\/\\\/parquejaimeduque.com\"],\"mainEntityOfPage\":{\"@id\":\"https:\\\/\\\/parquejaimeduque.com\\\/author\\\/webmaster\\\/\"}}]}<\/script>\n<!-- \/ Yoast SEO plugin. -->","yoast_head_json":{"title":"Alexander, Autor Fundaci\u00f3n Parque Jaime Duque","robots":{"index":"index","follow":"follow","max-snippet":"max-snippet:-1","max-image-preview":"max-image-preview:large","max-video-preview":"max-video-preview:-1"},"canonical":"https:\/\/parquejaimeduque.com\/en\/author\/webmaster\/","og_locale":"en_US","og_type":"profile","og_title":"Alexander, Autor Fundaci\u00f3n Parque Jaime Duque","og_url":"https:\/\/parquejaimeduque.com\/en\/author\/webmaster\/","og_site_name":"Fundaci\u00f3n Parque Jaime Duque","og_image":[{"url":"https:\/\/secure.gravatar.com\/avatar\/e3ab9a1c07f0b33819782f199295951ea591d164cc943999d182034752f4af2e?s=500&d=mm&r=g","type":"","width":"","height":""}],"twitter_card":"summary_large_image","schema":{"@context":"https:\/\/schema.org","@graph":[{"@type":"ProfilePage","@id":"https:\/\/parquejaimeduque.com\/author\/webmaster\/","url":"https:\/\/parquejaimeduque.com\/author\/webmaster\/","name":"Alexander, Autor Fundaci\u00f3n Parque Jaime Duque","isPartOf":{"@id":"https:\/\/parquejaimeduque.com\/#website"},"breadcrumb":{"@id":"https:\/\/parquejaimeduque.com\/author\/webmaster\/#breadcrumb"},"inLanguage":"en-US","potentialAction":[{"@type":"ReadAction","target":["https:\/\/parquejaimeduque.com\/author\/webmaster\/"]}]},{"@type":"BreadcrumbList","@id":"https:\/\/parquejaimeduque.com\/author\/webmaster\/#breadcrumb","itemListElement":[{"@type":"ListItem","position":1,"name":"Inicio","item":"https:\/\/parquejaimeduque.com\/"},{"@type":"ListItem","position":2,"name":"Archivos para Alexander"}]},{"@type":"WebSite","@id":"https:\/\/parquejaimeduque.com\/#website","url":"https:\/\/parquejaimeduque.com\/","name":"Fundaci\u00f3n Parque Jaime Duque","description":"Somos una entidad sin \u00e1nimo de lucro, 100% colombiana que trabaja por la conservaci\u00f3n de la familia y el bienestar social, de la naturaleza y de la cultura, con el \u00fanico objetivo de servir a la comunidad promoviendo el bienestar de las generaciones actuales y futuras.","publisher":{"@id":"https:\/\/parquejaimeduque.com\/#organization"},"potentialAction":[{"@type":"SearchAction","target":{"@type":"EntryPoint","urlTemplate":"https:\/\/parquejaimeduque.com\/?s={search_term_string}"},"query-input":{"@type":"PropertyValueSpecification","valueRequired":true,"valueName":"search_term_string"}}],"inLanguage":"en-US"},{"@type":"Organization","@id":"https:\/\/parquejaimeduque.com\/#organization","name":"Fundaci\u00f3n Parque Jaime Duque","url":"https:\/\/parquejaimeduque.com\/","logo":{"@type":"ImageObject","inLanguage":"en-US","@id":"https:\/\/parquejaimeduque.com\/#\/schema\/logo\/image\/","url":"https:\/\/parquejaimeduque.com\/wp-content\/uploads\/2025\/02\/cropped-Logo-FPJD-512-1.png","contentUrl":"https:\/\/parquejaimeduque.com\/wp-content\/uploads\/2025\/02\/cropped-Logo-FPJD-512-1.png","width":512,"height":512,"caption":"Fundaci\u00f3n Parque Jaime Duque"},"image":{"@id":"https:\/\/parquejaimeduque.com\/#\/schema\/logo\/image\/"},"sameAs":["https:\/\/www.facebook.com\/ParqueJaimeDuque","https:\/\/www.instagram.com\/parquejaimeduque\/","https:\/\/www.tiktok.com\/@parquejaimeduque?_t=8WWpzcM9XE6&_r=1","https:\/\/www.youtube.com\/user\/rtorres48","https:\/\/co.linkedin.com\/company\/fundacion-parque-jaime-duque?trk=similar-pages"]},{"@type":"Person","@id":"https:\/\/parquejaimeduque.com\/#\/schema\/person\/fecf63d16fd23a1e31508d150877aba1","name":"Alexander","image":{"@type":"ImageObject","inLanguage":"en-US","@id":"https:\/\/secure.gravatar.com\/avatar\/e3ab9a1c07f0b33819782f199295951ea591d164cc943999d182034752f4af2e?s=96&d=mm&r=g","url":"https:\/\/secure.gravatar.com\/avatar\/e3ab9a1c07f0b33819782f199295951ea591d164cc943999d182034752f4af2e?s=96&d=mm&r=g","contentUrl":"https:\/\/secure.gravatar.com\/avatar\/e3ab9a1c07f0b33819782f199295951ea591d164cc943999d182034752f4af2e?s=96&d=mm&r=g","caption":"Alexander"},"sameAs":["https:\/\/parquejaimeduque.com"],"mainEntityOfPage":{"@id":"https:\/\/parquejaimeduque.com\/author\/webmaster\/"}}]}},"elementor_introduction":{"ai-get-started-announcement":true,"globals_introduction":true,"favorites-notice":true,"ai_get_started":true,"e-ai-upgrade-message":true,"yoast-introduction-editor-v2":true,"upload_json_warning_generic_message":true,"e-editor-one-notice-pointer":true},"_links":{"self":[{"href":"https:\/\/parquejaimeduque.com\/en\/wp-json\/wp\/v2\/users\/1","targetHints":{"allow":["GET"]}}],"collection":[{"href":"https:\/\/parquejaimeduque.com\/en\/wp-json\/wp\/v2\/users"}]}}