{"id":28715,"date":"2026-09-03T12:00:42","date_gmt":"2026-09-03T17:00:42","guid":{"rendered":"https:\/\/parquejaimeduque.com\/?p=28715"},"modified":"2026-09-03T14:34:54","modified_gmt":"2026-09-03T19:34:54","slug":"parque-jaime-duque-reconocida-en-territorio-car-2026","status":"publish","type":"post","link":"https:\/\/parquejaimeduque.com\/pt\/parque-jaime-duque-reconocida-en-territorio-car-2026\/","title":{"rendered":"Fundaci\u00f3n Parque Jaime Duque, reconocida en Territorio CAR 2026"},"content":{"rendered":"\t\t<div data-elementor-type=\"wp-post\" data-elementor-id=\"28715\" class=\"elementor elementor-28715\" data-elementor-post-type=\"post\">\n\t\t\t\t<div class=\"elementor-element elementor-element-693e7b75 e-con-full e-flex e-con e-parent \" data-id=\"693e7b75\" data-element_type=\"container\" data-e-type=\"container\" data-settings=\"{&quot;background_background&quot;:&quot;classic&quot;}\">\t\t<\/div>\r\n\t\t<div class=\"elementor-element elementor-element-4343acd9 e-flex e-con-boxed e-con e-parent \" data-id=\"4343acd9\" data-element_type=\"container\" data-e-type=\"container\">\t\t\t<div class=\"e-con-inner\">\r\n\t\t\t\t<div class=\"elementor-element elementor-element-1bc35fbb elementor-widget elementor-widget-heading\" data-id=\"1bc35fbb\" data-element_type=\"widget\" data-e-type=\"widget\" data-widget_type=\"heading.default\">\n\t\t\t\t\t<h2 class=\"elementor-heading-title elementor-size-default\">Fundaci\u00f3n Parque Jaime Duque, reconocida en Territorio CAR 2026 por sus buenas pr\u00e1cticas ambientales<\/h2>\t\t\t\t<\/div>\n\t\t\t\t\t<\/div>\r\n\t\t\t\t<\/div>\r\n\t\t<div class=\"elementor-element elementor-element-6bc6b75b e-flex e-con-boxed e-con e-parent \" data-id=\"6bc6b75b\" data-element_type=\"container\" data-e-type=\"container\">\t\t\t<div class=\"e-con-inner\">\r\n\t\t<div class=\"elementor-element elementor-element-29a0505e e-con-full e-flex e-con e-child \" data-id=\"29a0505e\" data-element_type=\"container\" data-e-type=\"container\"><div class=\"elementor-element elementor-element-7604661e e-con-full e-flex e-con e-child \" data-id=\"7604661e\" data-element_type=\"container\" data-e-type=\"container\">\t\t<div class=\"elementor-element elementor-element-729ad16c elementor-widget elementor-widget-post-info\" data-id=\"729ad16c\" data-element_type=\"widget\" data-e-type=\"widget\" data-widget_type=\"post-info.default\">\n\t\t\t\t\t\t\t<ul class=\"elementor-inline-items elementor-icon-list-items elementor-post-info\">\n\t\t\t\t\t\t\t\t<li class=\"elementor-icon-list-item elementor-repeater-item-2f753dc elementor-inline-item\" itemprop=\"datePublished\">\n\t\t\t\t\t\t<a href=\"https:\/\/parquejaimeduque.com\/pt\/2026\/09\/03\/\">\n\t\t\t\t\t\t\t\t\t\t\t<span class=\"elementor-icon-list-icon\">\n\t\t\t\t\t\t\t\t<i aria-hidden=\"true\" class=\"fas fa-calendar\"><\/i>\t\t\t\t\t\t\t<\/span>\n\t\t\t\t\t\t\t\t\t<span class=\"elementor-icon-list-text elementor-post-info__item elementor-post-info__item--type-date\">\n\t\t\t\t\t\t\t\t\t\t<time>setembro 3, 2026<\/time>\t\t\t\t\t<\/span>\n\t\t\t\t\t\t\t\t\t<\/a>\n\t\t\t\t<\/li>\n\t\t\t\t<li class=\"elementor-icon-list-item elementor-repeater-item-da51ded elementor-inline-item\">\n\t\t\t\t\t\t\t\t\t\t<span class=\"elementor-icon-list-icon\">\n\t\t\t\t\t\t\t\t<i aria-hidden=\"true\" class=\"far fa-clock\"><\/i>\t\t\t\t\t\t\t<\/span>\n\t\t\t\t\t\t\t\t\t<span class=\"elementor-icon-list-text elementor-post-info__item elementor-post-info__item--type-time\">\n\t\t\t\t\t\t\t\t\t\t<time>12:00 pm<\/time>\t\t\t\t\t<\/span>\n\t\t\t\t\t\t\t\t<\/li>\n\t\t\t\t<li class=\"elementor-icon-list-item elementor-repeater-item-b9d74dd elementor-inline-item\" itemprop=\"about\">\n\t\t\t\t\t\t\t\t\t\t<span class=\"elementor-icon-list-icon\">\n\t\t\t\t\t\t\t\t<i aria-hidden=\"true\" class=\"fas fa-tags\"><\/i>\t\t\t\t\t\t\t<\/span>\n\t\t\t\t\t\t\t\t\t<span class=\"elementor-icon-list-text elementor-post-info__item elementor-post-info__item--type-terms\">\n\t\t\t\t\t\t\t\t\t\t<span class=\"elementor-post-info__terms-list\">\n\t\t\t\t<a href=\"https:\/\/parquejaimeduque.com\/pt\/category\/ambiental\/\" class=\"elementor-post-info__terms-list-item\">Ambiental<\/a>, <a href=\"https:\/\/parquejaimeduque.com\/pt\/category\/conservacion-de-la-naturaleza\/\" class=\"elementor-post-info__terms-list-item\">Conservaci\u00f3n de la Naturaleza<\/a>, <a href=\"https:\/\/parquejaimeduque.com\/pt\/category\/premios-y-reconocimientos\/\" class=\"elementor-post-info__terms-list-item\">Premios y Reconocimientos<\/a>\t\t\t\t<\/span>\n\t\t\t\t\t<\/span>\n\t\t\t\t\t\t\t\t<\/li>\n\t\t\t\t<\/ul>\n\t\t\t\t\t\t<\/div>\n\t\t\t\t<div class=\"elementor-element elementor-element-5f44ef5e elementor-widget elementor-widget-image\" data-id=\"5f44ef5e\" data-element_type=\"widget\" data-e-type=\"widget\" data-widget_type=\"image.default\">\n\t\t\t\t\t\t\t\t\t\t\t\t\t\t\t<img fetchpriority=\"high\" decoding=\"async\" width=\"1000\" height=\"714\" src=\"https:\/\/parquejaimeduque.com\/wp-content\/uploads\/2026\/09\/Fundacion-Parque-Jaime-Duque-reconocida-en-Territorio-CAR-2026-4.webp\" class=\"attachment-large size-large wp-image-28725\" alt=\"Fundaci\u00f3n Parque Jaime Duque, reconocida en Territorio CAR 2026\" srcset=\"https:\/\/parquejaimeduque.com\/wp-content\/uploads\/2026\/09\/Fundacion-Parque-Jaime-Duque-reconocida-en-Territorio-CAR-2026-4.webp 1000w, https:\/\/parquejaimeduque.com\/wp-content\/uploads\/2026\/09\/Fundacion-Parque-Jaime-Duque-reconocida-en-Territorio-CAR-2026-4-300x214.webp 300w, https:\/\/parquejaimeduque.com\/wp-content\/uploads\/2026\/09\/Fundacion-Parque-Jaime-Duque-reconocida-en-Territorio-CAR-2026-4-768x548.webp 768w, https:\/\/parquejaimeduque.com\/wp-content\/uploads\/2026\/09\/Fundacion-Parque-Jaime-Duque-reconocida-en-Territorio-CAR-2026-4-18x12.webp 18w\" sizes=\"(max-width: 1000px) 100vw, 1000px\" \/>\t\t\t\t\t\t\t\t\t\t\t\t\t\t\t<\/div>\n\t\t\t\t<div class=\"elementor-element elementor-element-1222505 elementor-widget elementor-widget-pxl_text_editor\" data-id=\"1222505\" data-element_type=\"widget\" data-e-type=\"widget\" data-widget_type=\"pxl_text_editor.default\">\n\t\t\t\t<div class=\"elementor-widget-container\">\n\t\t\t\t\t<div id=\"pxl_text_editor-1222505-2828\" class=\"pxl-image-wg\" duration=\"1\">\n\t<div class=\"pxl-text-editor\">\n\t\t<div class=\"pxl-item--inner \" data-wow-delay=\"ms\">\n\t\t\t<p>El compromiso ambiental de la Fundaci\u00f3n Parque Jaime Duque sigue dando frutos. El pasado 27 de agosto, nuestro equipo de Gesti\u00f3n Ambiental particip\u00f3 en el evento <strong>&#8220;Territorio CAR 2026: Primer Encuentro de Reconocimiento de Buenas Pr\u00e1cticas y Articulaci\u00f3n Territorial para la Econom\u00eda Circular&#8221;<\/strong>, un espacio organizado para visibilizar a las organizaciones que le apuestan a la sostenibilidad desde acciones concretas y replicables.<\/p>\t\t\n\t\t<\/div>\n\t<\/div>\n<\/div>\t\t\t\t<\/div>\n\t\t\t\t<\/div>\n\t\t\t\t<div class=\"elementor-element elementor-element-6a0e5b9 elementor-widget elementor-widget-heading\" data-id=\"6a0e5b9\" data-element_type=\"widget\" data-e-type=\"widget\" data-widget_type=\"heading.default\">\n\t\t\t\t\t<h2 class=\"elementor-heading-title elementor-size-default\">Un reconocimiento que impulsa la sostenibilidad territorial<\/h2>\t\t\t\t<\/div>\n\t\t\t\t<div class=\"elementor-element elementor-element-fec95ee elementor-widget elementor-widget-pxl_text_editor\" data-id=\"fec95ee\" data-element_type=\"widget\" data-e-type=\"widget\" data-widget_type=\"pxl_text_editor.default\">\n\t\t\t\t<div class=\"elementor-widget-container\">\n\t\t\t\t\t<div id=\"pxl_text_editor-fec95ee-6976\" class=\"pxl-image-wg\" duration=\"1\">\n\t<div class=\"pxl-text-editor\">\n\t\t<div class=\"pxl-item--inner \" data-wow-delay=\"ms\">\n\t\t\t<p dir=\"ltr\">Durante el encuentro, la Fundaci\u00f3n fue distinguida como una de las empresas que desarrolla <strong>acciones destacadas y estrategias replicables<\/strong> en favor de la sostenibilidad ambiental en el territorio. Este logro no es casualidad: refleja a\u00f1os de trabajo constante en la gesti\u00f3n responsable de nuestros recursos y en la construcci\u00f3n de un modelo que otras organizaciones pueden tomar como referencia.<\/p><p dir=\"ltr\">El proceso de reconocimiento estuvo acompa\u00f1ado por la <strong>Corporaci\u00f3n Aut\u00f3noma Regional de Cundinamarca (CAR)<\/strong>, entidad que lider\u00f3 el evento con el prop\u00f3sito de identificar oportunidades de productividad y optimizaci\u00f3n de recursos entre las empresas y fundaciones de la regi\u00f3n. A trav\u00e9s de esta articulaci\u00f3n territorial, la CAR busca fortalecer la econom\u00eda circular como una herramienta real para el cuidado del medio ambiente.<\/p>\t\t\n\t\t<\/div>\n\t<\/div>\n<\/div>\t\t\t\t<\/div>\n\t\t\t\t<\/div>\n\t\t\t\t<div class=\"elementor-element elementor-element-55e090e elementor-widget elementor-widget-heading\" data-id=\"55e090e\" data-element_type=\"widget\" data-e-type=\"widget\" data-widget_type=\"heading.default\">\n\t\t\t\t\t<h2 class=\"elementor-heading-title elementor-size-default\">Buenas pr\u00e1cticas que dejan huella<\/h2>\t\t\t\t<\/div>\n\t\t\t\t<div class=\"elementor-element elementor-element-1449985 elementor-widget elementor-widget-pxl_text_editor\" data-id=\"1449985\" data-element_type=\"widget\" data-e-type=\"widget\" data-widget_type=\"pxl_text_editor.default\">\n\t\t\t\t<div class=\"elementor-widget-container\">\n\t\t\t\t\t<div id=\"pxl_text_editor-1449985-9155\" class=\"pxl-image-wg\" duration=\"1\">\n\t<div class=\"pxl-text-editor\">\n\t\t<div class=\"pxl-item--inner \" data-wow-delay=\"ms\">\n\t\t\t<p dir=\"ltr\">Ser reconocidos en el marco de &#8220;Territorio CAR Circular 2026&#8221; reafirma que el camino que hemos trazado como Fundaci\u00f3n va en la direcci\u00f3n correcta. Cada iniciativa de conservaci\u00f3n, cada programa ambiental y cada esfuerzo por optimizar nuestros recursos suman a un prop\u00f3sito mayor: proteger el territorio y sus ecosistemas para las generaciones futuras.<\/p><p dir=\"ltr\">Este tipo de encuentros tambi\u00e9n son una oportunidad para conectar con otras organizaciones que comparten la misma visi\u00f3n, generando alianzas y aprendizajes que fortalecen la econom\u00eda circular a nivel regional.<\/p>\t\t\n\t\t<\/div>\n\t<\/div>\n<\/div>\t\t\t\t<\/div>\n\t\t\t\t<\/div>\n\t\t\t\t<div class=\"elementor-element elementor-element-23cbee7 elementor-widget elementor-widget-heading\" data-id=\"23cbee7\" data-element_type=\"widget\" data-e-type=\"widget\" data-widget_type=\"heading.default\">\n\t\t\t\t\t<h2 class=\"elementor-heading-title elementor-size-default\">Gracias a todo nuestro equipo<\/h2>\t\t\t\t<\/div>\n\t\t\t\t<div class=\"elementor-element elementor-element-0396375 elementor-widget elementor-widget-pxl_text_editor\" data-id=\"0396375\" data-element_type=\"widget\" data-e-type=\"widget\" data-widget_type=\"pxl_text_editor.default\">\n\t\t\t\t<div class=\"elementor-widget-container\">\n\t\t\t\t\t<div id=\"pxl_text_editor-0396375-9151\" class=\"pxl-image-wg\" duration=\"1\">\n\t<div class=\"pxl-text-editor\">\n\t\t<div class=\"pxl-item--inner \" data-wow-delay=\"ms\">\n\t\t\t<p dir=\"ltr\">Este reconocimiento no ser\u00eda posible sin el compromiso diario de todo el equipo que hace parte de la Fundaci\u00f3n Parque Jaime Duque. Gracias a cada persona que cree en la conservaci\u00f3n del territorio y que, con su trabajo, contribuye a que sigamos generando un impacto positivo en el entorno.<\/p><p dir=\"ltr\">Seguimos comprometidos con la <a href=\"https:\/\/parquejaimeduque.com\/conservacion-de-la-naturaleza\/\">conservaci\u00f3n de la naturaleza<\/a> y con seguir construyendo, junto a la CAR y a toda la comunidad, un territorio m\u00e1s consciente y resiliente.<\/p>\t\t\n\t\t<\/div>\n\t<\/div>\n<\/div>\t\t\t\t<\/div>\n\t\t\t\t<\/div>\n\t\t\t\t<div class=\"elementor-element elementor-element-2208299 elementor-widget-divider--view-line elementor-widget elementor-widget-divider\" data-id=\"2208299\" data-element_type=\"widget\" data-e-type=\"widget\" data-widget_type=\"divider.default\">\n\t\t\t\t\t\t\t<div class=\"elementor-divider\">\n\t\t\t<span class=\"elementor-divider-separator\">\n\t\t\t\t\t\t<\/span>\n\t\t<\/div>\n\t\t\t\t\t\t<\/div>\n\t\t\t\t<div class=\"elementor-element elementor-element-e4c2993 elementor-widget elementor-widget-text-editor\" data-id=\"e4c2993\" data-element_type=\"widget\" data-e-type=\"widget\" data-widget_type=\"text-editor.default\">\n\t\t\t\t\t\t\t\t\t<p><em>Conoce m\u00e1s de nuestra <span style=\"text-decoration: underline;\"><a href=\"https:\/\/parquejaimeduque.com\/gestion-ambiental\/\">gesti\u00f3n ambiental<\/a><\/span><\/em><\/p>\t\t\t\t\t\t\t\t<\/div>\n\t\t\t\t<div class=\"elementor-element elementor-element-38287bd2 elementor-widget elementor-widget-image\" data-id=\"38287bd2\" data-element_type=\"widget\" data-e-type=\"widget\" data-widget_type=\"image.default\">\n\t\t\t\t\t\t\t\t\t\t\t\t\t\t\t<img decoding=\"async\" width=\"1000\" height=\"714\" src=\"https:\/\/parquejaimeduque.com\/wp-content\/uploads\/2026\/09\/Fundacion-Parque-Jaime-Duque-reconocida-en-Territorio-CAR-2026-3.webp\" class=\"attachment-large size-large wp-image-28727\" alt=\"Fundaci\u00f3n Parque Jaime Duque, reconocida en Territorio CAR 2026\" srcset=\"https:\/\/parquejaimeduque.com\/wp-content\/uploads\/2026\/09\/Fundacion-Parque-Jaime-Duque-reconocida-en-Territorio-CAR-2026-3.webp 1000w, https:\/\/parquejaimeduque.com\/wp-content\/uploads\/2026\/09\/Fundacion-Parque-Jaime-Duque-reconocida-en-Territorio-CAR-2026-3-300x214.webp 300w, https:\/\/parquejaimeduque.com\/wp-content\/uploads\/2026\/09\/Fundacion-Parque-Jaime-Duque-reconocida-en-Territorio-CAR-2026-3-768x548.webp 768w, https:\/\/parquejaimeduque.com\/wp-content\/uploads\/2026\/09\/Fundacion-Parque-Jaime-Duque-reconocida-en-Territorio-CAR-2026-3-18x12.webp 18w\" sizes=\"(max-width: 1000px) 100vw, 1000px\" \/>\t\t\t\t\t\t\t\t\t\t\t\t\t\t\t<\/div>\n\t\t\t\t<div class=\"elementor-element elementor-element-a379c75 elementor-widget elementor-widget-image\" data-id=\"a379c75\" data-element_type=\"widget\" data-e-type=\"widget\" data-widget_type=\"image.default\">\n\t\t\t\t\t\t\t\t\t\t\t\t\t\t\t<img decoding=\"async\" width=\"1000\" height=\"714\" src=\"https:\/\/parquejaimeduque.com\/wp-content\/uploads\/2026\/09\/Fundacion-Parque-Jaime-Duque-reconocida-en-Territorio-CAR-2026-2.webp\" class=\"attachment-large size-large wp-image-28726\" alt=\"Fundaci\u00f3n Parque Jaime Duque, reconocida en Territorio CAR 2026\" srcset=\"https:\/\/parquejaimeduque.com\/wp-content\/uploads\/2026\/09\/Fundacion-Parque-Jaime-Duque-reconocida-en-Territorio-CAR-2026-2.webp 1000w, https:\/\/parquejaimeduque.com\/wp-content\/uploads\/2026\/09\/Fundacion-Parque-Jaime-Duque-reconocida-en-Territorio-CAR-2026-2-300x214.webp 300w, https:\/\/parquejaimeduque.com\/wp-content\/uploads\/2026\/09\/Fundacion-Parque-Jaime-Duque-reconocida-en-Territorio-CAR-2026-2-768x548.webp 768w, https:\/\/parquejaimeduque.com\/wp-content\/uploads\/2026\/09\/Fundacion-Parque-Jaime-Duque-reconocida-en-Territorio-CAR-2026-2-18x12.webp 18w\" sizes=\"(max-width: 1000px) 100vw, 1000px\" \/>\t\t\t\t\t\t\t\t\t\t\t\t\t\t\t<\/div>\n\t\t\t\t<\/div>\r\n\t\t\t\t<\/div>\r\n\t\t<div class=\"elementor-element elementor-element-46a66238 e-con-full elementor-hidden-tablet_extra elementor-hidden-tablet elementor-hidden-mobile_extra elementor-hidden-mobile e-flex e-con e-child \" data-id=\"46a66238\" data-element_type=\"container\" data-e-type=\"container\">\t\t<div class=\"elementor-element elementor-element-2f5c139b elementor-widget elementor-widget-sidebar\" data-id=\"2f5c139b\" data-element_type=\"widget\" data-e-type=\"widget\" data-widget_type=\"sidebar.default\">\n\t\t\t\t\t<section id=\"search-3\" class=\"widget widget_search\"><div class=\"widget-content\"><h2 class=\"widget-title\"><span>Buscar<\/span><\/h2><form role=\"search\" method=\"get\" class=\"search-form\" action=\"https:\/\/parquejaimeduque.com\/pt\/\">\n\t<div class=\"searchform-wrap\">\n        <input type=\"text\" placeholder=\"Search\" name=\"s\" class=\"search-field\" \/>\n    \t<button type=\"submit\" class=\"search-submit\"><i class=\"icofont icofont-search\" aria-hidden=\"true\"><\/i><\/button>\n    <\/div>\n<\/form><\/div><\/section><section id=\"categories-3\" class=\"widget widget_categories\"><div class=\"widget-content\"><h2 class=\"widget-title\"><span>Categorias<\/span><\/h2><form action=\"https:\/\/parquejaimeduque.com\/pt\" method=\"get\"><label class=\"screen-reader-text\" for=\"cat\">Categorias<\/label><select  name='cat' id='cat' class='postform'>\n\t<option value='-1'>Selecionar categoria<\/option>\n\t<option class=\"level-0\" value=\"240\">\u00c1mbar&nbsp;&nbsp;(1)<\/option>\n\t<option class=\"level-0\" value=\"291\">Ambiental&nbsp;&nbsp;(1)<\/option>\n\t<option class=\"level-0\" value=\"57\">Conservaci\u00f3n de la Cultura&nbsp;&nbsp;(1)<\/option>\n\t<option class=\"level-0\" value=\"58\">Conservaci\u00f3n de la Familia y Bienestar Social&nbsp;&nbsp;(3)<\/option>\n\t<option class=\"level-0\" value=\"56\">Conservaci\u00f3n de la Naturaleza&nbsp;&nbsp;(13)<\/option>\n\t<option class=\"level-0\" value=\"59\">Conservaci\u00f3n del C\u00f3ndor de los Andes&nbsp;&nbsp;(5)<\/option>\n\t<option class=\"level-0\" value=\"81\">efr&nbsp;&nbsp;(2)<\/option>\n\t<option class=\"level-0\" value=\"186\">Eventos&nbsp;&nbsp;(4)<\/option>\n\t<option class=\"level-0\" value=\"61\">Premios y Reconocimientos&nbsp;&nbsp;(7)<\/option>\n\t<option class=\"level-0\" value=\"84\">Reserva Natural Bioparque Wakat\u00e1&nbsp;&nbsp;(2)<\/option>\n\t<option class=\"level-0\" value=\"185\">Reserva Natural Ecoparque Sabana&nbsp;&nbsp;(2)<\/option>\n\t<option class=\"level-0\" value=\"60\">Santuario del Oso de Anteojos&nbsp;&nbsp;(2)<\/option>\n\t<option class=\"level-0\" value=\"216\">Wayra&nbsp;&nbsp;(1)<\/option>\n<\/select>\n<\/form><script>\n( ( dropdownId ) => {\n\tconst dropdown = document.getElementById( dropdownId );\n\tfunction onSelectChange() {\n\t\tsetTimeout( () => {\n\t\t\tif ( 'escape' === dropdown.dataset.lastkey ) {\n\t\t\t\treturn;\n\t\t\t}\n\t\t\tif ( dropdown.value && parseInt( dropdown.value ) > 0 && dropdown instanceof HTMLSelectElement ) {\n\t\t\t\tdropdown.parentElement.submit();\n\t\t\t}\n\t\t}, 250 );\n\t}\n\tfunction onKeyUp( event ) {\n\t\tif ( 'Escape' === event.key ) {\n\t\t\tdropdown.dataset.lastkey = 'escape';\n\t\t} else {\n\t\t\tdelete dropdown.dataset.lastkey;\n\t\t}\n\t}\n\tfunction onClick() {\n\t\tdelete dropdown.dataset.lastkey;\n\t}\n\tdropdown.addEventListener( 'keyup', onKeyUp );\n\tdropdown.addEventListener( 'click', onClick );\n\tdropdown.addEventListener( 'change', onSelectChange );\n})( \"cat\" );\n\n\/\/# sourceURL=WP_Widget_Categories%3A%3Awidget\n<\/script>\n<\/div><\/section><section id=\"tag_cloud-3\" class=\"widget widget_tag_cloud\"><div class=\"widget-content\"><h2 class=\"widget-title\"><span>Tags populares<\/span><\/h2><div class=\"tagcloud\"><a href=\"https:\/\/parquejaimeduque.com\/pt\/tag\/15-anos\/\" class=\"tag-cloud-link tag-link-263 tag-link-position-1\" style=\"font-size: 8pt;\" aria-label=\"15 a\u00f1os (1 item)\">15 a\u00f1os<\/a>\n<a href=\"https:\/\/parquejaimeduque.com\/pt\/tag\/almirantazgo\/\" class=\"tag-cloud-link tag-link-282 tag-link-position-2\" style=\"font-size: 8pt;\" aria-label=\"Almirantazgo (1 item)\">Almirantazgo<\/a>\n<a href=\"https:\/\/parquejaimeduque.com\/pt\/tag\/alpza\/\" class=\"tag-cloud-link tag-link-245 tag-link-position-3\" style=\"font-size: 8pt;\" aria-label=\"ALPZA (1 item)\">ALPZA<\/a>\n<a href=\"https:\/\/parquejaimeduque.com\/pt\/tag\/ambar\/\" class=\"tag-cloud-link tag-link-241 tag-link-position-4\" style=\"font-size: 8pt;\" aria-label=\"Ambar (1 item)\">Ambar<\/a>\n<a href=\"https:\/\/parquejaimeduque.com\/pt\/tag\/ambiental\/\" class=\"tag-cloud-link tag-link-292 tag-link-position-5\" style=\"font-size: 8pt;\" aria-label=\"Ambiental (1 item)\">Ambiental<\/a>\n<a href=\"https:\/\/parquejaimeduque.com\/pt\/tag\/ancla\/\" class=\"tag-cloud-link tag-link-280 tag-link-position-6\" style=\"font-size: 8pt;\" aria-label=\"Ancla (1 item)\">Ancla<\/a>\n<a href=\"https:\/\/parquejaimeduque.com\/pt\/tag\/barco\/\" class=\"tag-cloud-link tag-link-284 tag-link-position-7\" style=\"font-size: 8pt;\" aria-label=\"Barco (1 item)\">Barco<\/a>\n<a href=\"https:\/\/parquejaimeduque.com\/pt\/tag\/bibo\/\" class=\"tag-cloud-link tag-link-79 tag-link-position-8\" style=\"font-size: 8pt;\" aria-label=\"BIBO (1 item)\">BIBO<\/a>\n<a href=\"https:\/\/parquejaimeduque.com\/pt\/tag\/car\/\" class=\"tag-cloud-link tag-link-293 tag-link-position-9\" style=\"font-size: 8pt;\" aria-label=\"CAR (1 item)\">CAR<\/a>\n<a href=\"https:\/\/parquejaimeduque.com\/pt\/tag\/carrera\/\" class=\"tag-cloud-link tag-link-214 tag-link-position-10\" style=\"font-size: 8pt;\" aria-label=\"Carrera (1 item)\">Carrera<\/a>\n<a href=\"https:\/\/parquejaimeduque.com\/pt\/tag\/centro-de-supervivencia-de-especies\/\" class=\"tag-cloud-link tag-link-278 tag-link-position-11\" style=\"font-size: 8pt;\" aria-label=\"Centro de supervivencia de especies (1 item)\">Centro de supervivencia de especies<\/a>\n<a href=\"https:\/\/parquejaimeduque.com\/pt\/tag\/congreso-alpza\/\" class=\"tag-cloud-link tag-link-246 tag-link-position-12\" style=\"font-size: 8pt;\" aria-label=\"Congreso ALPZA (1 item)\">Congreso ALPZA<\/a>\n<a href=\"https:\/\/parquejaimeduque.com\/pt\/tag\/conservacion\/\" class=\"tag-cloud-link tag-link-64 tag-link-position-13\" style=\"font-size: 22pt;\" aria-label=\"Conservaci\u00f3n (3 itens)\">Conservaci\u00f3n<\/a>\n<a href=\"https:\/\/parquejaimeduque.com\/pt\/tag\/css\/\" class=\"tag-cloud-link tag-link-277 tag-link-position-14\" style=\"font-size: 16.4pt;\" aria-label=\"CSS (2 itens)\">CSS<\/a>\n<a href=\"https:\/\/parquejaimeduque.com\/pt\/tag\/cultura\/\" class=\"tag-cloud-link tag-link-281 tag-link-position-15\" style=\"font-size: 8pt;\" aria-label=\"Cultura (1 item)\">Cultura<\/a>\n<a href=\"https:\/\/parquejaimeduque.com\/pt\/tag\/cundinamarca\/\" class=\"tag-cloud-link tag-link-264 tag-link-position-16\" style=\"font-size: 8pt;\" aria-label=\"Cundinamarca (1 item)\">Cundinamarca<\/a>\n<a href=\"https:\/\/parquejaimeduque.com\/pt\/tag\/condor-de-los-andes\/\" class=\"tag-cloud-link tag-link-67 tag-link-position-17\" style=\"font-size: 22pt;\" aria-label=\"C\u00f3ndor de los Andes (3 itens)\">C\u00f3ndor de los Andes<\/a>\n<a href=\"https:\/\/parquejaimeduque.com\/pt\/tag\/dia-de-la-madre\/\" class=\"tag-cloud-link tag-link-289 tag-link-position-18\" style=\"font-size: 8pt;\" aria-label=\"Dia de la Madre (1 item)\">Dia de la Madre<\/a>\n<a href=\"https:\/\/parquejaimeduque.com\/pt\/tag\/efr\/\" class=\"tag-cloud-link tag-link-290 tag-link-position-19\" style=\"font-size: 8pt;\" aria-label=\"efr (1 item)\">efr<\/a>\n<a href=\"https:\/\/parquejaimeduque.com\/pt\/tag\/evento\/\" class=\"tag-cloud-link tag-link-262 tag-link-position-20\" style=\"font-size: 16.4pt;\" aria-label=\"Evento (2 itens)\">Evento<\/a>\n<a href=\"https:\/\/parquejaimeduque.com\/pt\/tag\/iucn\/\" class=\"tag-cloud-link tag-link-276 tag-link-position-21\" style=\"font-size: 8pt;\" aria-label=\"IUCN (1 item)\">IUCN<\/a>\n<a href=\"https:\/\/parquejaimeduque.com\/pt\/tag\/naturaleza\/\" class=\"tag-cloud-link tag-link-257 tag-link-position-22\" style=\"font-size: 8pt;\" aria-label=\"Naturaleza (1 item)\">Naturaleza<\/a>\n<a href=\"https:\/\/parquejaimeduque.com\/pt\/tag\/naval\/\" class=\"tag-cloud-link tag-link-283 tag-link-position-23\" style=\"font-size: 8pt;\" aria-label=\"Naval (1 item)\">Naval<\/a>\n<a href=\"https:\/\/parquejaimeduque.com\/pt\/tag\/osos-de-anteojos\/\" class=\"tag-cloud-link tag-link-68 tag-link-position-24\" style=\"font-size: 8pt;\" aria-label=\"Osos de Anteojos (1 item)\">Osos de Anteojos<\/a>\n<a href=\"https:\/\/parquejaimeduque.com\/pt\/tag\/premios\/\" class=\"tag-cloud-link tag-link-80 tag-link-position-25\" style=\"font-size: 16.4pt;\" aria-label=\"Premios (2 itens)\">Premios<\/a>\n<a href=\"https:\/\/parquejaimeduque.com\/pt\/tag\/rafiki\/\" class=\"tag-cloud-link tag-link-69 tag-link-position-26\" style=\"font-size: 8pt;\" aria-label=\"Rafiki (1 item)\">Rafiki<\/a>\n<a href=\"https:\/\/parquejaimeduque.com\/pt\/tag\/reconocimientos\/\" class=\"tag-cloud-link tag-link-88 tag-link-position-27\" style=\"font-size: 8pt;\" aria-label=\"Reconocimientos (1 item)\">Reconocimientos<\/a>\n<a href=\"https:\/\/parquejaimeduque.com\/pt\/tag\/santuario-del-oso-de-anteojos\/\" class=\"tag-cloud-link tag-link-76 tag-link-position-28\" style=\"font-size: 8pt;\" aria-label=\"Santuario del Oso de Anteojos (1 item)\">Santuario del Oso de Anteojos<\/a>\n<a href=\"https:\/\/parquejaimeduque.com\/pt\/tag\/sembrar\/\" class=\"tag-cloud-link tag-link-256 tag-link-position-29\" style=\"font-size: 8pt;\" aria-label=\"Sembrar (1 item)\">Sembrar<\/a>\n<a href=\"https:\/\/parquejaimeduque.com\/pt\/tag\/ssc\/\" class=\"tag-cloud-link tag-link-279 tag-link-position-30\" style=\"font-size: 8pt;\" aria-label=\"SSC (1 item)\">SSC<\/a>\n<a href=\"https:\/\/parquejaimeduque.com\/pt\/tag\/taj-mahal\/\" class=\"tag-cloud-link tag-link-265 tag-link-position-31\" style=\"font-size: 8pt;\" aria-label=\"Taj Mahal (1 item)\">Taj Mahal<\/a>\n<a href=\"https:\/\/parquejaimeduque.com\/pt\/tag\/wayra\/\" class=\"tag-cloud-link tag-link-217 tag-link-position-32\" style=\"font-size: 8pt;\" aria-label=\"Wayra (1 item)\">Wayra<\/a>\n<a href=\"https:\/\/parquejaimeduque.com\/pt\/tag\/arboles\/\" class=\"tag-cloud-link tag-link-255 tag-link-position-33\" style=\"font-size: 8pt;\" aria-label=\"\u00c1rboles (1 item)\">\u00c1rboles<\/a>\n<a href=\"https:\/\/parquejaimeduque.com\/pt\/tag\/arboles-para-mi-pais\/\" class=\"tag-cloud-link tag-link-254 tag-link-position-34\" style=\"font-size: 8pt;\" aria-label=\"\u00c1rboles para mi pa\u00eds (1 item)\">\u00c1rboles para mi pa\u00eds<\/a><\/div>\n<\/div><\/section><section id=\"pxl_recent_posts-7\" class=\"widget widget_pxl_recent_posts\"><div class=\"widget-content\"><h2 class=\"widget-title\"><span>Entradas Recientes<\/span><\/h2><div class=\"pxl--items\">                <div class=\"pxl--item\">\n                                            <div class=\"pxl-item--img\">\n                            <a href=\"https:\/\/parquejaimeduque.com\/pt\/parque-jaime-duque-reconocida-en-territorio-car-2026\/\"><img loading=\"lazy\" decoding=\"async\" class=\"\" src=\"https:\/\/parquejaimeduque.com\/wp-content\/uploads\/2026\/09\/Fundacion-Parque-Jaime-Duque-reconocida-en-Territorio-CAR-2026-3-80x80.webp\" width=\"80\" height=\"80\" alt=\"Fundaci\u00f3n Parque Jaime Duque, reconocida en Territorio CAR 2026\" title=\"Fundaci\u00f3n Parque Jaime Duque, reconocida en Territorio CAR 2026 (3)\" \/><\/a>\n                         <\/div>\n                                        <div class=\"pxl-item--holder\">\n                       \n                        <h4 class=\"pxl-item--title\"><a href=\"https:\/\/parquejaimeduque.com\/pt\/parque-jaime-duque-reconocida-en-territorio-car-2026\/\" title=\"Fundaci\u00f3n Parque Jaime Duque, reconocida en Territorio CAR 2026\">Fundaci\u00f3n Parque Jaime Duque, reconocida en Territorio CAR 2026<\/a><\/h4>                         <div class=\"pxl-item--date\">\n                            <i class =\"flaticon flaticon-calendar-1\"><\/i>\n                            3 setembro, 2026                        <\/div>\n                    <\/div>\n                <\/div>\n                            <div class=\"pxl--item\">\n                                            <div class=\"pxl-item--img\">\n                            <a href=\"https:\/\/parquejaimeduque.com\/pt\/el-ancla-de-almirantazgo-llega-al-parque-jaime-duque\/\"><img loading=\"lazy\" decoding=\"async\" class=\"\" src=\"https:\/\/parquejaimeduque.com\/wp-content\/uploads\/2026\/06\/a3-copia-80x80.webp\" width=\"80\" height=\"80\" alt=\"-Inauguraci\u00f3n Ancla de Almirantazgo\" title=\"a3 - copia\" \/><\/a>\n                         <\/div>\n                                        <div class=\"pxl-item--holder\">\n                       \n                        <h4 class=\"pxl-item--title\"><a href=\"https:\/\/parquejaimeduque.com\/pt\/el-ancla-de-almirantazgo-llega-al-parque-jaime-duque\/\" title=\"El Ancla de Almirantazgo llega al Parque Jaime Duque como nuevo s\u00edmbolo de la historia mar\u00edtima colombiana\">El Ancla de Almirantazgo llega al Parque Jaime Duque como nuevo s\u00edmbolo de la historia mar\u00edtima colombiana<\/a><\/h4>                         <div class=\"pxl-item--date\">\n                            <i class =\"flaticon flaticon-calendar-1\"><\/i>\n                            10 junho, 2026                        <\/div>\n                    <\/div>\n                <\/div>\n                            <div class=\"pxl--item\">\n                                            <div class=\"pxl-item--img\">\n                            <a href=\"https:\/\/parquejaimeduque.com\/pt\/congreso-alpza-2026-conservacion-america-latina\/\"><img loading=\"lazy\" decoding=\"async\" class=\"\" src=\"https:\/\/parquejaimeduque.com\/wp-content\/uploads\/2026\/06\/IMG_6404-copia-80x80.webp\" width=\"80\" height=\"80\" alt=\"Panel - Congreso ALPZA 2026 - fundaci\u00f3n Parque Jaime Duque. Andrea Padilla , Andres Caiozzi y Frank Carlos Camacho\" title=\"IMG_6404 - copia\" \/><\/a>\n                         <\/div>\n                                        <div class=\"pxl-item--holder\">\n                       \n                        <h4 class=\"pxl-item--title\"><a href=\"https:\/\/parquejaimeduque.com\/pt\/congreso-alpza-2026-conservacion-america-latina\/\" title=\"Congreso ALPZA 2026: Colombia como epicentro de la conservaci\u00f3n en Am\u00e9rica Latina\">Congreso ALPZA 2026: Colombia como epicentro de la conservaci\u00f3n en Am\u00e9rica Latina<\/a><\/h4>                         <div class=\"pxl-item--date\">\n                            <i class =\"flaticon flaticon-calendar-1\"><\/i>\n                            3 junho, 2026                        <\/div>\n                    <\/div>\n                <\/div>\n                            <div class=\"pxl--item\">\n                                            <div class=\"pxl-item--img\">\n                            <a href=\"https:\/\/parquejaimeduque.com\/pt\/dia-de-la-madre-en-fundacion-parque-jaime-duque-homenaje-legado-e-inauguracion-del-auditorio-amparo-quin\/\"><img loading=\"lazy\" decoding=\"async\" class=\"\" src=\"https:\/\/parquejaimeduque.com\/wp-content\/uploads\/2026\/06\/5-80x80.webp\" width=\"80\" height=\"80\" alt=\"Dia de la madre parque jaime duque 2026\" title=\"5\" \/><\/a>\n                         <\/div>\n                                        <div class=\"pxl-item--holder\">\n                       \n                        <h4 class=\"pxl-item--title\"><a href=\"https:\/\/parquejaimeduque.com\/pt\/dia-de-la-madre-en-fundacion-parque-jaime-duque-homenaje-legado-e-inauguracion-del-auditorio-amparo-quin\/\" title=\"D\u00eda de la Madre en Fundaci\u00f3n Parque Jaime Duque: homenaje, legado e inauguraci\u00f3n del Auditorio Amparo Q\u00fcin\">D\u00eda de la Madre en Fundaci\u00f3n Parque Jaime Duque: homenaje, legado e inauguraci\u00f3n del Auditorio Amparo Q\u00fcin<\/a><\/h4>                         <div class=\"pxl-item--date\">\n                            <i class =\"flaticon flaticon-calendar-1\"><\/i>\n                            1 junho, 2026                        <\/div>\n                    <\/div>\n                <\/div>\n            <\/div><\/div><\/section>\t\t\t\t<\/div>\n\t\t\t\t<\/div>\r\n\t\t\t\t\t<\/div>\r\n\t\t\t\t<\/div>\r\n\t\t<div class=\"elementor-element elementor-element-39d6b790 e-flex e-con-boxed e-con e-parent \" data-id=\"39d6b790\" data-element_type=\"container\" data-e-type=\"container\">\t\t\t<div class=\"e-con-inner\">\r\n\t\t\t\t<div class=\"elementor-element elementor-element-36350a2e elementor-widget elementor-widget-spacer\" data-id=\"36350a2e\" data-element_type=\"widget\" data-e-type=\"widget\" data-widget_type=\"spacer.default\">\n\t\t\t\t\t\t\t<div class=\"elementor-spacer\">\n\t\t\t<div class=\"elementor-spacer-inner\"><\/div>\n\t\t<\/div>\n\t\t\t\t\t\t<\/div>\n\t\t\t\t<div class=\"elementor-element elementor-element-7602c32e elementor-widget elementor-widget-text-editor\" data-id=\"7602c32e\" data-element_type=\"widget\" data-e-type=\"widget\" data-widget_type=\"text-editor.default\">\n\t\t\t\t\t\t\t\t\tComparte esta nota en tus redes:\t\t\t\t\t\t\t\t<\/div>\n\t\t\t\t<div class=\"elementor-element elementor-element-7751cef7 elementor-share-buttons--skin-framed elementor-share-buttons--shape-rounded elementor-share-buttons--view-icon-text elementor-grid-0 elementor-share-buttons--color-official elementor-widget elementor-widget-share-buttons\" data-id=\"7751cef7\" data-element_type=\"widget\" data-e-type=\"widget\" data-widget_type=\"share-buttons.default\">\n\t\t\t\t\t\t\t<div class=\"elementor-grid\" role=\"list\">\n\t\t\t\t\t\t\t\t<div class=\"elementor-grid-item\" role=\"listitem\">\n\t\t\t\t\t\t<div class=\"elementor-share-btn elementor-share-btn_facebook\" role=\"button\" tabindex=\"0\" aria-label=\"Share on facebook\">\n\t\t\t\t\t\t\t\t\t\t\t\t\t\t\t<span class=\"elementor-share-btn__icon\">\n\t\t\t\t\t\t\t\t<i class=\"fab fa-facebook\" aria-hidden=\"true\"><\/i>\t\t\t\t\t\t\t<\/span>\n\t\t\t\t\t\t\t\t\t\t\t\t\t\t\t\t\t\t\t\t\t\t<div class=\"elementor-share-btn__text\">\n\t\t\t\t\t\t\t\t\t\t\t\t\t\t\t\t\t\t\t<span class=\"elementor-share-btn__title\">\n\t\t\t\t\t\t\t\t\t\tFacebook\t\t\t\t\t\t\t\t\t<\/span>\n\t\t\t\t\t\t\t\t\t\t\t\t\t\t\t\t\t<\/div>\n\t\t\t\t\t\t\t\t\t\t\t\t\t<\/div>\n\t\t\t\t\t<\/div>\n\t\t\t\t\t\t\t\t\t<div class=\"elementor-grid-item\" role=\"listitem\">\n\t\t\t\t\t\t<div class=\"elementor-share-btn elementor-share-btn_linkedin\" role=\"button\" tabindex=\"0\" aria-label=\"Share on linkedin\">\n\t\t\t\t\t\t\t\t\t\t\t\t\t\t\t<span class=\"elementor-share-btn__icon\">\n\t\t\t\t\t\t\t\t<i class=\"fab fa-linkedin\" aria-hidden=\"true\"><\/i>\t\t\t\t\t\t\t<\/span>\n\t\t\t\t\t\t\t\t\t\t\t\t\t\t\t\t\t\t\t\t\t\t<div class=\"elementor-share-btn__text\">\n\t\t\t\t\t\t\t\t\t\t\t\t\t\t\t\t\t\t\t<span class=\"elementor-share-btn__title\">\n\t\t\t\t\t\t\t\t\t\tLinkedIn\t\t\t\t\t\t\t\t\t<\/span>\n\t\t\t\t\t\t\t\t\t\t\t\t\t\t\t\t\t<\/div>\n\t\t\t\t\t\t\t\t\t\t\t\t\t<\/div>\n\t\t\t\t\t<\/div>\n\t\t\t\t\t\t\t\t\t<div class=\"elementor-grid-item\" role=\"listitem\">\n\t\t\t\t\t\t<div class=\"elementor-share-btn elementor-share-btn_whatsapp\" role=\"button\" tabindex=\"0\" aria-label=\"Share on whatsapp\">\n\t\t\t\t\t\t\t\t\t\t\t\t\t\t\t<span class=\"elementor-share-btn__icon\">\n\t\t\t\t\t\t\t\t<i class=\"fab fa-whatsapp\" aria-hidden=\"true\"><\/i>\t\t\t\t\t\t\t<\/span>\n\t\t\t\t\t\t\t\t\t\t\t\t\t\t\t\t\t\t\t\t\t\t<div class=\"elementor-share-btn__text\">\n\t\t\t\t\t\t\t\t\t\t\t\t\t\t\t\t\t\t\t<span class=\"elementor-share-btn__title\">\n\t\t\t\t\t\t\t\t\t\tWhatsApp\t\t\t\t\t\t\t\t\t<\/span>\n\t\t\t\t\t\t\t\t\t\t\t\t\t\t\t\t\t<\/div>\n\t\t\t\t\t\t\t\t\t\t\t\t\t<\/div>\n\t\t\t\t\t<\/div>\n\t\t\t\t\t\t\t\t\t<div class=\"elementor-grid-item\" role=\"listitem\">\n\t\t\t\t\t\t<div class=\"elementor-share-btn elementor-share-btn_telegram\" role=\"button\" tabindex=\"0\" aria-label=\"Share on telegram\">\n\t\t\t\t\t\t\t\t\t\t\t\t\t\t\t<span class=\"elementor-share-btn__icon\">\n\t\t\t\t\t\t\t\t<i class=\"fab fa-telegram\" aria-hidden=\"true\"><\/i>\t\t\t\t\t\t\t<\/span>\n\t\t\t\t\t\t\t\t\t\t\t\t\t\t\t\t\t\t\t\t\t\t<div class=\"elementor-share-btn__text\">\n\t\t\t\t\t\t\t\t\t\t\t\t\t\t\t\t\t\t\t<span class=\"elementor-share-btn__title\">\n\t\t\t\t\t\t\t\t\t\tTelegram\t\t\t\t\t\t\t\t\t<\/span>\n\t\t\t\t\t\t\t\t\t\t\t\t\t\t\t\t\t<\/div>\n\t\t\t\t\t\t\t\t\t\t\t\t\t<\/div>\n\t\t\t\t\t<\/div>\n\t\t\t\t\t\t\t\t\t<div class=\"elementor-grid-item\" role=\"listitem\">\n\t\t\t\t\t\t<div class=\"elementor-share-btn elementor-share-btn_threads\" role=\"button\" tabindex=\"0\" aria-label=\"Share on threads\">\n\t\t\t\t\t\t\t\t\t\t\t\t\t\t\t<span class=\"elementor-share-btn__icon\">\n\t\t\t\t\t\t\t\t<i class=\"fab fa-threads\" aria-hidden=\"true\"><\/i>\t\t\t\t\t\t\t<\/span>\n\t\t\t\t\t\t\t\t\t\t\t\t\t\t\t\t\t\t\t\t\t\t<div class=\"elementor-share-btn__text\">\n\t\t\t\t\t\t\t\t\t\t\t\t\t\t\t\t\t\t\t<span class=\"elementor-share-btn__title\">\n\t\t\t\t\t\t\t\t\t\tThreads\t\t\t\t\t\t\t\t\t<\/span>\n\t\t\t\t\t\t\t\t\t\t\t\t\t\t\t\t\t<\/div>\n\t\t\t\t\t\t\t\t\t\t\t\t\t<\/div>\n\t\t\t\t\t<\/div>\n\t\t\t\t\t\t\t\t\t<div class=\"elementor-grid-item\" role=\"listitem\">\n\t\t\t\t\t\t<div class=\"elementor-share-btn elementor-share-btn_x-twitter\" role=\"button\" tabindex=\"0\" aria-label=\"Share on x-twitter\">\n\t\t\t\t\t\t\t\t\t\t\t\t\t\t\t<span class=\"elementor-share-btn__icon\">\n\t\t\t\t\t\t\t\t<i class=\"fab fa-x-twitter\" aria-hidden=\"true\"><\/i>\t\t\t\t\t\t\t<\/span>\n\t\t\t\t\t\t\t\t\t\t\t\t\t\t\t\t\t\t\t\t\t\t<div class=\"elementor-share-btn__text\">\n\t\t\t\t\t\t\t\t\t\t\t\t\t\t\t\t\t\t\t<span class=\"elementor-share-btn__title\">\n\t\t\t\t\t\t\t\t\t\tX\t\t\t\t\t\t\t\t\t<\/span>\n\t\t\t\t\t\t\t\t\t\t\t\t\t\t\t\t\t<\/div>\n\t\t\t\t\t\t\t\t\t\t\t\t\t<\/div>\n\t\t\t\t\t<\/div>\n\t\t\t\t\t\t\t\t\t<div class=\"elementor-grid-item\" role=\"listitem\">\n\t\t\t\t\t\t<div class=\"elementor-share-btn elementor-share-btn_reddit\" role=\"button\" tabindex=\"0\" aria-label=\"Share on reddit\">\n\t\t\t\t\t\t\t\t\t\t\t\t\t\t\t<span class=\"elementor-share-btn__icon\">\n\t\t\t\t\t\t\t\t<i class=\"fab fa-reddit\" aria-hidden=\"true\"><\/i>\t\t\t\t\t\t\t<\/span>\n\t\t\t\t\t\t\t\t\t\t\t\t\t\t\t\t\t\t\t\t\t\t<div class=\"elementor-share-btn__text\">\n\t\t\t\t\t\t\t\t\t\t\t\t\t\t\t\t\t\t\t<span class=\"elementor-share-btn__title\">\n\t\t\t\t\t\t\t\t\t\tReddit\t\t\t\t\t\t\t\t\t<\/span>\n\t\t\t\t\t\t\t\t\t\t\t\t\t\t\t\t\t<\/div>\n\t\t\t\t\t\t\t\t\t\t\t\t\t<\/div>\n\t\t\t\t\t<\/div>\n\t\t\t\t\t\t<\/div>\n\t\t\t\t\t\t<\/div>\n\t\t\t\t<div class=\"elementor-element elementor-element-7988bd9a elementor-widget elementor-widget-spacer\" data-id=\"7988bd9a\" data-element_type=\"widget\" data-e-type=\"widget\" data-widget_type=\"spacer.default\">\n\t\t\t\t\t\t\t<div class=\"elementor-spacer\">\n\t\t\t<div class=\"elementor-spacer-inner\"><\/div>\n\t\t<\/div>\n\t\t\t\t\t\t<\/div>\n\t\t\t\t<div class=\"elementor-element elementor-element-6d4606d0 elementor-headline--style-rotate elementor-widget elementor-widget-animated-headline\" data-id=\"6d4606d0\" data-element_type=\"widget\" data-e-type=\"widget\" data-settings=\"{&quot;headline_style&quot;:&quot;rotate&quot;,&quot;animation_type&quot;:&quot;swirl&quot;,&quot;rotating_text&quot;:&quot;la familia!\\nla naturaleza!\\nla cultura!&quot;,&quot;rotate_iteration_delay&quot;:1000,&quot;loop&quot;:&quot;yes&quot;}\" data-widget_type=\"animated-headline.default\">\n\t\t\t\t\t\t\t<h3 class=\"elementor-headline elementor-headline-animation-type-swirl elementor-headline-letters\">\n\t\t\t\t\t<span class=\"elementor-headline-plain-text elementor-headline-text-wrapper\">\u00a1Trabajamos por la conservaci\u00f3n de <\/span>\n\t\t\t\t<span class=\"elementor-headline-dynamic-wrapper elementor-headline-text-wrapper\">\n\t\t\t\t\t<span class=\"elementor-headline-dynamic-text elementor-headline-text-active\">\n\t\t\t\tla&nbsp;familia!\t\t\t<\/span>\n\t\t\t\t\t<span class=\"elementor-headline-dynamic-text\">\n\t\t\t\tla&nbsp;naturaleza!\t\t\t<\/span>\n\t\t\t\t\t<span class=\"elementor-headline-dynamic-text\">\n\t\t\t\tla&nbsp;cultura!\t\t\t<\/span>\n\t\t\t\t\t\t<\/span>\n\t\t\t\t<\/h3>\n\t\t\t\t\t\t<\/div>\n\t\t\t\t<div class=\"elementor-element elementor-element-18d98e93 elementor-widget elementor-widget-spacer\" data-id=\"18d98e93\" data-element_type=\"widget\" data-e-type=\"widget\" data-widget_type=\"spacer.default\">\n\t\t\t\t\t\t\t<div class=\"elementor-spacer\">\n\t\t\t<div class=\"elementor-spacer-inner\"><\/div>\n\t\t<\/div>\n\t\t\t\t\t\t<\/div>\n\t\t\t\t<div class=\"elementor-element elementor-element-1ed5af7 pxl-post-layout-post-1 elementor-widget elementor-widget-pxl_post_grid\" data-id=\"1ed5af7\" data-element_type=\"widget\" data-e-type=\"widget\" data-widget_type=\"pxl_post_grid.default\">\n\t\t\t\t<div class=\"elementor-widget-container\">\n\t\t\t\t\t\n<div id=\"pxl_post_grid-1ed5af7-9751\" class=\"pxl-grid pxl-blog-grid pxl-blog-grid-layout1 pxl-blog-style1\" data-layout=\"masonry\" data-start-page=\"1\" data-max-pages=\"7\" data-total=\"13\" data-perpage=\"2\" data-next-link=\"https:\/\/parquejaimeduque.com\/pt\/wp-json\/wp\/v2\/posts\/28715\/page\/2\/\">\n    \n    <div class=\"pxl-grid-inner row\" data-gutter=\"15\">\n                    <div class=\"pxl-grid-item col-xl-6 col-lg-12 col-md-12 col-sm-6 col-12 conservacion-de-la-naturaleza reserva-natural-ecoparque-sabana\">\n                <div class=\"pxl-item--inner wow bounceInLeft\" data-wow-duration=\"1.2s\">\n                                        <div class=\"pxl-item-thumbnail\">\n                        <div class=\"pxl-item--featured\">\n                            <a href=\"https:\/\/parquejaimeduque.com\/pt\/trabajamos-por-la-conservacion-de-los-polinizadores\/\"><img loading=\"lazy\" decoding=\"async\" class=\"no-lazyload \" src=\"https:\/\/parquejaimeduque.com\/wp-content\/uploads\/2025\/02\/Noticia-Trabajamos-por-la-conservacion-de-los-polinizadores-800x750.webp\" width=\"800\" height=\"750\" alt=\"Abejas Parque Jaime Duque\" title=\"Noticia---Trabajamos-por-la-conservaci\u00f3n-de-los-polinizadores\" \/><\/a>\n                        <\/div>\n                        <div class=\"pxl-date\">\n                                                                                                        <div class=\"pxl-item--day\">\n                                            07                                        <\/div>\n                                        <div class=\"pxl-item--month\">\n                                            fev                                        <\/div>\n                                                                \n                                                    <\/div>\n                    <\/div>\n                                        <div class=\"pxl-item--holder\">                    \n                        <h3 class=\"pxl-item--title\"><a href=\"https:\/\/parquejaimeduque.com\/pt\/trabajamos-por-la-conservacion-de-los-polinizadores\/\">Trabajamos por la conservaci\u00f3n de los polinizadores<\/a><\/h3>\n                                                    <div class=\"pxl-item--content pxl-sz-content\">\n                                Uno de los Objeto Valor de Conservaci\u00f3n de la Reserva Natural Ecoparque Sabana (RNES) son los&hellip;                            <\/div>\n                                                <div class=\"pxl-total-comment\">\n                            <i class=\"icofont icofont-chat\"><\/i>0 Comments                        <\/div>\n                    <\/div>\n                <\/div>\n            <\/div>\n                    <div class=\"pxl-grid-item col-xl-6 col-lg-12 col-md-12 col-sm-6 col-12 conservacion-de-la-naturaleza reserva-natural-bioparque-wakata\">\n                <div class=\"pxl-item--inner wow bounceInLeft\" data-wow-duration=\"1.2s\">\n                                        <div class=\"pxl-item-thumbnail\">\n                        <div class=\"pxl-item--featured\">\n                            <a href=\"https:\/\/parquejaimeduque.com\/pt\/nuevo-miembro-de-la-reserva-natural-bioparque-wakata\/\"><img loading=\"lazy\" decoding=\"async\" class=\"no-lazyload \" src=\"https:\/\/parquejaimeduque.com\/wp-content\/uploads\/2025\/02\/Poni-Perseo-800x750.jpg\" width=\"800\" height=\"750\" alt=\"nacimiento de un pony en la Reserva Natural Bioparque Wakat\u00e1\" title=\"Poni Perseo\" \/><\/a>\n                        <\/div>\n                        <div class=\"pxl-date\">\n                                                                                                        <div class=\"pxl-item--day\">\n                                            13                                        <\/div>\n                                        <div class=\"pxl-item--month\">\n                                            fev                                        <\/div>\n                                                                \n                                                    <\/div>\n                    <\/div>\n                                        <div class=\"pxl-item--holder\">                    \n                        <h3 class=\"pxl-item--title\"><a href=\"https:\/\/parquejaimeduque.com\/pt\/nuevo-miembro-de-la-reserva-natural-bioparque-wakata\/\">Nuevo miembro de la Reserva Natural Bioparque Wakat\u00e1<\/a><\/h3>\n                                                    <div class=\"pxl-item--content pxl-sz-content\">\n                                El pasado 6 de febrero en la noche recibimos a un nuevo miembro de la Reserva&hellip;                            <\/div>\n                                                <div class=\"pxl-total-comment\">\n                            <i class=\"icofont icofont-chat\"><\/i>0 Comments                        <\/div>\n                    <\/div>\n                <\/div>\n            <\/div>\n                <div class=\"grid-sizer col-xl-6 col-lg-12 col-md-12 col-sm-6 col-12\"><\/div>\n    <\/div>\n            <div class=\"pxl-grid-pagination\" data-loadmore=\"{&quot;tax&quot;:[&quot;category&quot;],&quot;post_type&quot;:&quot;post&quot;,&quot;layout&quot;:&quot;post-1&quot;,&quot;startPage&quot;:1,&quot;maxPages&quot;:7,&quot;total&quot;:13,&quot;perpage&quot;:2,&quot;nextLink&quot;:&quot;https:\\\/\\\/parquejaimeduque.com\\\/pt\\\/wp-json\\\/wp\\\/v2\\\/posts\\\/28715\\\/page\\\/2\\\/&quot;,&quot;source&quot;:[&quot;conservacion-de-la-naturaleza|category&quot;],&quot;orderby&quot;:&quot;title&quot;,&quot;order&quot;:&quot;desc&quot;,&quot;limit&quot;:2,&quot;post_ids&quot;:[],&quot;col_xl&quot;:6,&quot;col_lg&quot;:12,&quot;col_md&quot;:12,&quot;col_sm&quot;:6,&quot;col_xs&quot;:12,&quot;pagination_type&quot;:&quot;pagination&quot;,&quot;show_date&quot;:&quot;true&quot;,&quot;img_size&quot;:&quot;&quot;,&quot;grid_masonry&quot;:&quot;&quot;,&quot;pxl_animate&quot;:&quot;wow bounceInLeft&quot;,&quot;num_words&quot;:16,&quot;show_excerpt&quot;:&quot;true&quot;}\" data-query=\"{&quot;post_type&quot;:&quot;post&quot;,&quot;post_status&quot;:&quot;publish&quot;,&quot;posts_per_page&quot;:2,&quot;order&quot;:&quot;desc&quot;,&quot;orderby&quot;:&quot;title&quot;,&quot;tax_query&quot;:{&quot;relation&quot;:&quot;OR&quot;,&quot;0&quot;:{&quot;taxonomy&quot;:&quot;category&quot;,&quot;field&quot;:&quot;slug&quot;,&quot;operator&quot;:&quot;IN&quot;,&quot;terms&quot;:[&quot;conservacion-de-la-naturaleza&quot;]}},&quot;post__not_in&quot;:[27375]}\">\n                        <nav class=\"pxl-pagination-wrap ajax\">\n                <div class=\"pxl-pagination-links\">\n                    <span aria-current=\"page\" class=\"page-numbers current\">1<\/span>\n<a class=\"page-numbers\" href=\"#2\">2<\/a>\n<span class=\"page-numbers dots\">&hellip;<\/span>\n<a class=\"page-numbers\" href=\"#7\">7<\/a>\n<a class=\"next page-numbers\" href=\"#2\"><i class=\"icofont-rounded-right\"><\/i><\/a>                <\/div>\n            <\/nav>\n                    <\/div>\n        <\/div>\t\t\t\t<\/div>\n\t\t\t\t<\/div>\n\t\t\t\t\t<\/div>\r\n\t\t\t\t<\/div>\r\n\t\t<div class=\"elementor-element elementor-element-7b791416 e-con-full e-flex e-con e-parent \" data-id=\"7b791416\" data-element_type=\"container\" data-e-type=\"container\" data-settings=\"{&quot;position&quot;:&quot;fixed&quot;}\">\t\t<div class=\"elementor-element elementor-element-643a6746 elementor-widget elementor-widget-progress-tracker\" data-id=\"643a6746\" data-element_type=\"widget\" data-e-type=\"widget\" data-settings=\"{&quot;type&quot;:&quot;horizontal&quot;,&quot;relative_to&quot;:&quot;entire_page&quot;}\" data-widget_type=\"progress-tracker.default\">\n\t\t\t\t\t\n\t\t<div class=\"elementor-scrolling-tracker elementor-scrolling-tracker-horizontal elementor-scrolling-tracker-alignment-\">\n\t\t\t\t\t\t<div class=\"current-progress\">\n\t\t\t\t\t<div class=\"current-progress-percentage\"><\/div>\n\t\t\t\t<\/div>\n\t\t\t\t<\/div>\n\t\t\t\t\t\t<\/div>\n\t\t\t\t<\/div>\r\n\t\t\t\t<\/div>\n\t\t","protected":false},"excerpt":{"rendered":"<p>La CAR reconoci\u00f3 a la Fundaci\u00f3n Parque Jaime Duque por sus buenas pr\u00e1cticas ambientales en Territorio CAR 2026.<\/p>","protected":false},"author":1,"featured_media":28727,"comment_status":"closed","ping_status":"open","sticky":false,"template":"elementor_header_footer","format":"standard","meta":{"footnotes":""},"categories":[291,56,61],"tags":[292,293,80,88],"post_folder":[],"class_list":["post-28715","post","type-post","status-publish","format-standard","has-post-thumbnail","hentry","category-ambiental","category-conservacion-de-la-naturaleza","category-premios-y-reconocimientos","tag-ambiental","tag-car","tag-premios","tag-reconocimientos"],"yoast_head":"<!-- This site is optimized with the Yoast SEO plugin v28.4 - https:\/\/yoast.com\/product\/yoast-seo-wordpress\/ -->\n<title>Fundaci\u00f3n Parque Jaime Duque, reconocida en Territorio CAR 2026 - Fundaci\u00f3n Parque Jaime Duque<\/title>\n<meta name=\"description\" content=\"La CAR reconoci\u00f3 a la Fundaci\u00f3n Parque Jaime Duque por sus buenas pr\u00e1cticas ambientales en Territorio CAR 2026.\" \/>\n<meta name=\"robots\" content=\"index, follow, max-snippet:-1, max-image-preview:large, max-video-preview:-1\" \/>\n<link rel=\"canonical\" href=\"https:\/\/parquejaimeduque.com\/pt\/parque-jaime-duque-reconocida-en-territorio-car-2026\/\" \/>\n<meta property=\"og:locale\" content=\"pt_BR\" \/>\n<meta property=\"og:type\" content=\"article\" \/>\n<meta property=\"og:title\" content=\"Fundaci\u00f3n Parque Jaime Duque, reconocida en Territorio CAR 2026 - Fundaci\u00f3n Parque Jaime Duque\" \/>\n<meta property=\"og:description\" content=\"La CAR reconoci\u00f3 a la Fundaci\u00f3n Parque Jaime Duque por sus buenas pr\u00e1cticas ambientales en Territorio CAR 2026.\" \/>\n<meta property=\"og:url\" content=\"https:\/\/parquejaimeduque.com\/pt\/parque-jaime-duque-reconocida-en-territorio-car-2026\/\" \/>\n<meta property=\"og:site_name\" content=\"Fundaci\u00f3n Parque Jaime Duque\" \/>\n<meta property=\"article:publisher\" content=\"https:\/\/www.facebook.com\/ParqueJaimeDuque\" \/>\n<meta property=\"article:published_time\" content=\"2026-09-03T17:00:42+00:00\" \/>\n<meta property=\"article:modified_time\" content=\"2026-09-03T19:34:54+00:00\" \/>\n<meta property=\"og:image\" content=\"https:\/\/parquejaimeduque.com\/wp-content\/uploads\/2026\/09\/Fundacion-Parque-Jaime-Duque-reconocida-en-Territorio-CAR-2026-3.webp\" \/>\n\t<meta property=\"og:image:width\" content=\"1000\" \/>\n\t<meta property=\"og:image:height\" content=\"714\" \/>\n\t<meta property=\"og:image:type\" content=\"image\/webp\" \/>\n<meta name=\"author\" content=\"Alexander\" \/>\n<meta name=\"twitter:card\" content=\"summary_large_image\" \/>\n<meta name=\"twitter:label1\" content=\"Escrito por\" \/>\n\t<meta name=\"twitter:data1\" content=\"Alexander\" \/>\n\t<meta name=\"twitter:label2\" content=\"Est. tempo de leitura\" \/>\n\t<meta name=\"twitter:data2\" content=\"4 minutos\" \/>\n<script type=\"application\/ld+json\" class=\"yoast-schema-graph\">{\"@context\":\"https:\\\/\\\/schema.org\",\"@graph\":[{\"@type\":\"Article\",\"@id\":\"https:\\\/\\\/parquejaimeduque.com\\\/parque-jaime-duque-reconocida-en-territorio-car-2026\\\/#article\",\"isPartOf\":{\"@id\":\"https:\\\/\\\/parquejaimeduque.com\\\/parque-jaime-duque-reconocida-en-territorio-car-2026\\\/\"},\"author\":{\"name\":\"Alexander\",\"@id\":\"https:\\\/\\\/parquejaimeduque.com\\\/#\\\/schema\\\/person\\\/fecf63d16fd23a1e31508d150877aba1\"},\"headline\":\"Fundaci\u00f3n Parque Jaime Duque, reconocida en Territorio CAR 2026\",\"datePublished\":\"2026-09-03T17:00:42+00:00\",\"dateModified\":\"2026-09-03T19:34:54+00:00\",\"mainEntityOfPage\":{\"@id\":\"https:\\\/\\\/parquejaimeduque.com\\\/parque-jaime-duque-reconocida-en-territorio-car-2026\\\/\"},\"wordCount\":496,\"publisher\":{\"@id\":\"https:\\\/\\\/parquejaimeduque.com\\\/#organization\"},\"image\":{\"@id\":\"https:\\\/\\\/parquejaimeduque.com\\\/parque-jaime-duque-reconocida-en-territorio-car-2026\\\/#primaryimage\"},\"thumbnailUrl\":\"https:\\\/\\\/parquejaimeduque.com\\\/wp-content\\\/uploads\\\/2026\\\/09\\\/Fundacion-Parque-Jaime-Duque-reconocida-en-Territorio-CAR-2026-3.webp\",\"keywords\":[\"Ambiental\",\"CAR\",\"Premios\",\"Reconocimientos\"],\"articleSection\":[\"Ambiental\",\"Conservaci\u00f3n de la Naturaleza\",\"Premios y Reconocimientos\"],\"inLanguage\":\"pt-BR\"},{\"@type\":\"WebPage\",\"@id\":\"https:\\\/\\\/parquejaimeduque.com\\\/parque-jaime-duque-reconocida-en-territorio-car-2026\\\/\",\"url\":\"https:\\\/\\\/parquejaimeduque.com\\\/parque-jaime-duque-reconocida-en-territorio-car-2026\\\/\",\"name\":\"Fundaci\u00f3n Parque Jaime Duque, reconocida en Territorio CAR 2026 - Fundaci\u00f3n Parque Jaime Duque\",\"isPartOf\":{\"@id\":\"https:\\\/\\\/parquejaimeduque.com\\\/#website\"},\"primaryImageOfPage\":{\"@id\":\"https:\\\/\\\/parquejaimeduque.com\\\/parque-jaime-duque-reconocida-en-territorio-car-2026\\\/#primaryimage\"},\"image\":{\"@id\":\"https:\\\/\\\/parquejaimeduque.com\\\/parque-jaime-duque-reconocida-en-territorio-car-2026\\\/#primaryimage\"},\"thumbnailUrl\":\"https:\\\/\\\/parquejaimeduque.com\\\/wp-content\\\/uploads\\\/2026\\\/09\\\/Fundacion-Parque-Jaime-Duque-reconocida-en-Territorio-CAR-2026-3.webp\",\"datePublished\":\"2026-09-03T17:00:42+00:00\",\"dateModified\":\"2026-09-03T19:34:54+00:00\",\"description\":\"La CAR reconoci\u00f3 a la Fundaci\u00f3n Parque Jaime Duque por sus buenas pr\u00e1cticas ambientales en Territorio CAR 2026.\",\"breadcrumb\":{\"@id\":\"https:\\\/\\\/parquejaimeduque.com\\\/parque-jaime-duque-reconocida-en-territorio-car-2026\\\/#breadcrumb\"},\"inLanguage\":\"pt-BR\",\"potentialAction\":[{\"@type\":\"ReadAction\",\"target\":[\"https:\\\/\\\/parquejaimeduque.com\\\/parque-jaime-duque-reconocida-en-territorio-car-2026\\\/\"]}]},{\"@type\":\"ImageObject\",\"inLanguage\":\"pt-BR\",\"@id\":\"https:\\\/\\\/parquejaimeduque.com\\\/parque-jaime-duque-reconocida-en-territorio-car-2026\\\/#primaryimage\",\"url\":\"https:\\\/\\\/parquejaimeduque.com\\\/wp-content\\\/uploads\\\/2026\\\/09\\\/Fundacion-Parque-Jaime-Duque-reconocida-en-Territorio-CAR-2026-3.webp\",\"contentUrl\":\"https:\\\/\\\/parquejaimeduque.com\\\/wp-content\\\/uploads\\\/2026\\\/09\\\/Fundacion-Parque-Jaime-Duque-reconocida-en-Territorio-CAR-2026-3.webp\",\"width\":1000,\"height\":714,\"caption\":\"Fundaci\u00f3n Parque Jaime Duque, reconocida en Territorio CAR 2026\"},{\"@type\":\"BreadcrumbList\",\"@id\":\"https:\\\/\\\/parquejaimeduque.com\\\/parque-jaime-duque-reconocida-en-territorio-car-2026\\\/#breadcrumb\",\"itemListElement\":[{\"@type\":\"ListItem\",\"position\":1,\"name\":\"Inicio\",\"item\":\"https:\\\/\\\/parquejaimeduque.com\\\/\"},{\"@type\":\"ListItem\",\"position\":2,\"name\":\"Fundaci\u00f3n Parque Jaime Duque, reconocida en Territorio CAR 2026\"}]},{\"@type\":\"WebSite\",\"@id\":\"https:\\\/\\\/parquejaimeduque.com\\\/#website\",\"url\":\"https:\\\/\\\/parquejaimeduque.com\\\/\",\"name\":\"Fundaci\u00f3n Parque Jaime Duque\",\"description\":\"Somos una entidad sin \u00e1nimo de lucro, 100% colombiana que trabaja por la conservaci\u00f3n de la familia y el bienestar social, de la naturaleza y de la cultura, con el \u00fanico objetivo de servir a la comunidad promoviendo el bienestar de las generaciones actuales y futuras.\",\"publisher\":{\"@id\":\"https:\\\/\\\/parquejaimeduque.com\\\/#organization\"},\"potentialAction\":[{\"@type\":\"SearchAction\",\"target\":{\"@type\":\"EntryPoint\",\"urlTemplate\":\"https:\\\/\\\/parquejaimeduque.com\\\/?s={search_term_string}\"},\"query-input\":{\"@type\":\"PropertyValueSpecification\",\"valueRequired\":true,\"valueName\":\"search_term_string\"}}],\"inLanguage\":\"pt-BR\"},{\"@type\":\"Organization\",\"@id\":\"https:\\\/\\\/parquejaimeduque.com\\\/#organization\",\"name\":\"Fundaci\u00f3n Parque Jaime Duque\",\"url\":\"https:\\\/\\\/parquejaimeduque.com\\\/\",\"logo\":{\"@type\":\"ImageObject\",\"inLanguage\":\"pt-BR\",\"@id\":\"https:\\\/\\\/parquejaimeduque.com\\\/#\\\/schema\\\/logo\\\/image\\\/\",\"url\":\"https:\\\/\\\/parquejaimeduque.com\\\/wp-content\\\/uploads\\\/2025\\\/02\\\/cropped-Logo-FPJD-512-1.png\",\"contentUrl\":\"https:\\\/\\\/parquejaimeduque.com\\\/wp-content\\\/uploads\\\/2025\\\/02\\\/cropped-Logo-FPJD-512-1.png\",\"width\":512,\"height\":512,\"caption\":\"Fundaci\u00f3n Parque Jaime Duque\"},\"image\":{\"@id\":\"https:\\\/\\\/parquejaimeduque.com\\\/#\\\/schema\\\/logo\\\/image\\\/\"},\"sameAs\":[\"https:\\\/\\\/www.facebook.com\\\/ParqueJaimeDuque\",\"https:\\\/\\\/www.instagram.com\\\/parquejaimeduque\\\/\",\"https:\\\/\\\/www.tiktok.com\\\/@parquejaimeduque?_t=8WWpzcM9XE6&_r=1\",\"https:\\\/\\\/www.youtube.com\\\/user\\\/rtorres48\",\"https:\\\/\\\/co.linkedin.com\\\/company\\\/fundacion-parque-jaime-duque?trk=similar-pages\"]},{\"@type\":\"Person\",\"@id\":\"https:\\\/\\\/parquejaimeduque.com\\\/#\\\/schema\\\/person\\\/fecf63d16fd23a1e31508d150877aba1\",\"name\":\"Alexander\",\"image\":{\"@type\":\"ImageObject\",\"inLanguage\":\"pt-BR\",\"@id\":\"https:\\\/\\\/secure.gravatar.com\\\/avatar\\\/e3ab9a1c07f0b33819782f199295951ea591d164cc943999d182034752f4af2e?s=96&d=mm&r=g\",\"url\":\"https:\\\/\\\/secure.gravatar.com\\\/avatar\\\/e3ab9a1c07f0b33819782f199295951ea591d164cc943999d182034752f4af2e?s=96&d=mm&r=g\",\"contentUrl\":\"https:\\\/\\\/secure.gravatar.com\\\/avatar\\\/e3ab9a1c07f0b33819782f199295951ea591d164cc943999d182034752f4af2e?s=96&d=mm&r=g\",\"caption\":\"Alexander\"},\"sameAs\":[\"https:\\\/\\\/parquejaimeduque.com\"],\"url\":\"https:\\\/\\\/parquejaimeduque.com\\\/pt\\\/author\\\/webmaster\\\/\"}]}<\/script>\n<!-- \/ Yoast SEO plugin. -->","yoast_head_json":{"title":"Fundaci\u00f3n Parque Jaime Duque, reconocida en Territorio CAR 2026 - Fundaci\u00f3n Parque Jaime Duque","description":"La CAR reconoci\u00f3 a la Fundaci\u00f3n Parque Jaime Duque por sus buenas pr\u00e1cticas ambientales en Territorio CAR 2026.","robots":{"index":"index","follow":"follow","max-snippet":"max-snippet:-1","max-image-preview":"max-image-preview:large","max-video-preview":"max-video-preview:-1"},"canonical":"https:\/\/parquejaimeduque.com\/pt\/parque-jaime-duque-reconocida-en-territorio-car-2026\/","og_locale":"pt_BR","og_type":"article","og_title":"Fundaci\u00f3n Parque Jaime Duque, reconocida en Territorio CAR 2026 - Fundaci\u00f3n Parque Jaime Duque","og_description":"La CAR reconoci\u00f3 a la Fundaci\u00f3n Parque Jaime Duque por sus buenas pr\u00e1cticas ambientales en Territorio CAR 2026.","og_url":"https:\/\/parquejaimeduque.com\/pt\/parque-jaime-duque-reconocida-en-territorio-car-2026\/","og_site_name":"Fundaci\u00f3n Parque Jaime Duque","article_publisher":"https:\/\/www.facebook.com\/ParqueJaimeDuque","article_published_time":"2026-09-03T17:00:42+00:00","article_modified_time":"2026-09-03T19:34:54+00:00","og_image":[{"width":1000,"height":714,"url":"https:\/\/parquejaimeduque.com\/wp-content\/uploads\/2026\/09\/Fundacion-Parque-Jaime-Duque-reconocida-en-Territorio-CAR-2026-3.webp","type":"image\/webp"}],"author":"Alexander","twitter_card":"summary_large_image","twitter_misc":{"Escrito por":"Alexander","Est. tempo de leitura":"4 minutos"},"schema":{"@context":"https:\/\/schema.org","@graph":[{"@type":"Article","@id":"https:\/\/parquejaimeduque.com\/parque-jaime-duque-reconocida-en-territorio-car-2026\/#article","isPartOf":{"@id":"https:\/\/parquejaimeduque.com\/parque-jaime-duque-reconocida-en-territorio-car-2026\/"},"author":{"name":"Alexander","@id":"https:\/\/parquejaimeduque.com\/#\/schema\/person\/fecf63d16fd23a1e31508d150877aba1"},"headline":"Fundaci\u00f3n Parque Jaime Duque, reconocida en Territorio CAR 2026","datePublished":"2026-09-03T17:00:42+00:00","dateModified":"2026-09-03T19:34:54+00:00","mainEntityOfPage":{"@id":"https:\/\/parquejaimeduque.com\/parque-jaime-duque-reconocida-en-territorio-car-2026\/"},"wordCount":496,"publisher":{"@id":"https:\/\/parquejaimeduque.com\/#organization"},"image":{"@id":"https:\/\/parquejaimeduque.com\/parque-jaime-duque-reconocida-en-territorio-car-2026\/#primaryimage"},"thumbnailUrl":"https:\/\/parquejaimeduque.com\/wp-content\/uploads\/2026\/09\/Fundacion-Parque-Jaime-Duque-reconocida-en-Territorio-CAR-2026-3.webp","keywords":["Ambiental","CAR","Premios","Reconocimientos"],"articleSection":["Ambiental","Conservaci\u00f3n de la Naturaleza","Premios y Reconocimientos"],"inLanguage":"pt-BR"},{"@type":"WebPage","@id":"https:\/\/parquejaimeduque.com\/parque-jaime-duque-reconocida-en-territorio-car-2026\/","url":"https:\/\/parquejaimeduque.com\/parque-jaime-duque-reconocida-en-territorio-car-2026\/","name":"Fundaci\u00f3n Parque Jaime Duque, reconocida en Territorio CAR 2026 - Fundaci\u00f3n Parque Jaime Duque","isPartOf":{"@id":"https:\/\/parquejaimeduque.com\/#website"},"primaryImageOfPage":{"@id":"https:\/\/parquejaimeduque.com\/parque-jaime-duque-reconocida-en-territorio-car-2026\/#primaryimage"},"image":{"@id":"https:\/\/parquejaimeduque.com\/parque-jaime-duque-reconocida-en-territorio-car-2026\/#primaryimage"},"thumbnailUrl":"https:\/\/parquejaimeduque.com\/wp-content\/uploads\/2026\/09\/Fundacion-Parque-Jaime-Duque-reconocida-en-Territorio-CAR-2026-3.webp","datePublished":"2026-09-03T17:00:42+00:00","dateModified":"2026-09-03T19:34:54+00:00","description":"La CAR reconoci\u00f3 a la Fundaci\u00f3n Parque Jaime Duque por sus buenas pr\u00e1cticas ambientales en Territorio CAR 2026.","breadcrumb":{"@id":"https:\/\/parquejaimeduque.com\/parque-jaime-duque-reconocida-en-territorio-car-2026\/#breadcrumb"},"inLanguage":"pt-BR","potentialAction":[{"@type":"ReadAction","target":["https:\/\/parquejaimeduque.com\/parque-jaime-duque-reconocida-en-territorio-car-2026\/"]}]},{"@type":"ImageObject","inLanguage":"pt-BR","@id":"https:\/\/parquejaimeduque.com\/parque-jaime-duque-reconocida-en-territorio-car-2026\/#primaryimage","url":"https:\/\/parquejaimeduque.com\/wp-content\/uploads\/2026\/09\/Fundacion-Parque-Jaime-Duque-reconocida-en-Territorio-CAR-2026-3.webp","contentUrl":"https:\/\/parquejaimeduque.com\/wp-content\/uploads\/2026\/09\/Fundacion-Parque-Jaime-Duque-reconocida-en-Territorio-CAR-2026-3.webp","width":1000,"height":714,"caption":"Fundaci\u00f3n Parque Jaime Duque, reconocida en Territorio CAR 2026"},{"@type":"BreadcrumbList","@id":"https:\/\/parquejaimeduque.com\/parque-jaime-duque-reconocida-en-territorio-car-2026\/#breadcrumb","itemListElement":[{"@type":"ListItem","position":1,"name":"Inicio","item":"https:\/\/parquejaimeduque.com\/"},{"@type":"ListItem","position":2,"name":"Fundaci\u00f3n Parque Jaime Duque, reconocida en Territorio CAR 2026"}]},{"@type":"WebSite","@id":"https:\/\/parquejaimeduque.com\/#website","url":"https:\/\/parquejaimeduque.com\/","name":"Funda\u00e7\u00e3o Parque Jaime Duque","description":"Somos uma organiza\u00e7\u00e3o colombiana sem fins lucrativos que trabalha para a conserva\u00e7\u00e3o da fam\u00edlia e do bem-estar social, da natureza e da cultura, com o \u00fanico objetivo de servir a comunidade e promover o bem-estar das gera\u00e7\u00f5es atuais e futuras.","publisher":{"@id":"https:\/\/parquejaimeduque.com\/#organization"},"potentialAction":[{"@type":"SearchAction","target":{"@type":"EntryPoint","urlTemplate":"https:\/\/parquejaimeduque.com\/?s={search_term_string}"},"query-input":{"@type":"PropertyValueSpecification","valueRequired":true,"valueName":"search_term_string"}}],"inLanguage":"pt-BR"},{"@type":"Organization","@id":"https:\/\/parquejaimeduque.com\/#organization","name":"Funda\u00e7\u00e3o Parque Jaime Duque","url":"https:\/\/parquejaimeduque.com\/","logo":{"@type":"ImageObject","inLanguage":"pt-BR","@id":"https:\/\/parquejaimeduque.com\/#\/schema\/logo\/image\/","url":"https:\/\/parquejaimeduque.com\/wp-content\/uploads\/2025\/02\/cropped-Logo-FPJD-512-1.png","contentUrl":"https:\/\/parquejaimeduque.com\/wp-content\/uploads\/2025\/02\/cropped-Logo-FPJD-512-1.png","width":512,"height":512,"caption":"Fundaci\u00f3n Parque Jaime Duque"},"image":{"@id":"https:\/\/parquejaimeduque.com\/#\/schema\/logo\/image\/"},"sameAs":["https:\/\/www.facebook.com\/ParqueJaimeDuque","https:\/\/www.instagram.com\/parquejaimeduque\/","https:\/\/www.tiktok.com\/@parquejaimeduque?_t=8WWpzcM9XE6&_r=1","https:\/\/www.youtube.com\/user\/rtorres48","https:\/\/co.linkedin.com\/company\/fundacion-parque-jaime-duque?trk=similar-pages"]},{"@type":"Person","@id":"https:\/\/parquejaimeduque.com\/#\/schema\/person\/fecf63d16fd23a1e31508d150877aba1","name":"Alexander","image":{"@type":"ImageObject","inLanguage":"pt-BR","@id":"https:\/\/secure.gravatar.com\/avatar\/e3ab9a1c07f0b33819782f199295951ea591d164cc943999d182034752f4af2e?s=96&d=mm&r=g","url":"https:\/\/secure.gravatar.com\/avatar\/e3ab9a1c07f0b33819782f199295951ea591d164cc943999d182034752f4af2e?s=96&d=mm&r=g","contentUrl":"https:\/\/secure.gravatar.com\/avatar\/e3ab9a1c07f0b33819782f199295951ea591d164cc943999d182034752f4af2e?s=96&d=mm&r=g","caption":"Alexander"},"sameAs":["https:\/\/parquejaimeduque.com"],"url":"https:\/\/parquejaimeduque.com\/pt\/author\/webmaster\/"}]}},"_links":{"self":[{"href":"https:\/\/parquejaimeduque.com\/pt\/wp-json\/wp\/v2\/posts\/28715","targetHints":{"allow":["GET"]}}],"collection":[{"href":"https:\/\/parquejaimeduque.com\/pt\/wp-json\/wp\/v2\/posts"}],"about":[{"href":"https:\/\/parquejaimeduque.com\/pt\/wp-json\/wp\/v2\/types\/post"}],"author":[{"embeddable":true,"href":"https:\/\/parquejaimeduque.com\/pt\/wp-json\/wp\/v2\/users\/1"}],"replies":[{"embeddable":true,"href":"https:\/\/parquejaimeduque.com\/pt\/wp-json\/wp\/v2\/comments?post=28715"}],"version-history":[{"count":10,"href":"https:\/\/parquejaimeduque.com\/pt\/wp-json\/wp\/v2\/posts\/28715\/revisions"}],"predecessor-version":[{"id":28738,"href":"https:\/\/parquejaimeduque.com\/pt\/wp-json\/wp\/v2\/posts\/28715\/revisions\/28738"}],"wp:featuredmedia":[{"embeddable":true,"href":"https:\/\/parquejaimeduque.com\/pt\/wp-json\/wp\/v2\/media\/28727"}],"wp:attachment":[{"href":"https:\/\/parquejaimeduque.com\/pt\/wp-json\/wp\/v2\/media?parent=28715"}],"wp:term":[{"taxonomy":"category","embeddable":true,"href":"https:\/\/parquejaimeduque.com\/pt\/wp-json\/wp\/v2\/categories?post=28715"},{"taxonomy":"post_tag","embeddable":true,"href":"https:\/\/parquejaimeduque.com\/pt\/wp-json\/wp\/v2\/tags?post=28715"},{"taxonomy":"post_folder","embeddable":true,"href":"https:\/\/parquejaimeduque.com\/pt\/wp-json\/wp\/v2\/post_folder?post=28715"}],"curies":[{"name":"wp","href":"https:\/\/api.w.org\/{rel}","templated":true}]}}